{"id":317,"date":"2019-04-01T05:00:29","date_gmt":"2019-04-01T05:00:29","guid":{"rendered":"http:\/\/wp.seeforyourself.at\/?p=317"},"modified":"2020-11-05T16:54:56","modified_gmt":"2020-11-05T14:54:56","slug":"methodisch-und-kommunikativ","status":"publish","type":"post","link":"https:\/\/www.seeforyourself.at\/index.php\/2019\/04\/01\/methodisch-und-kommunikativ\/","title":{"rendered":"&#8230;methodisch und kommunikativ"},"content":{"rendered":"<p>\u2026Sie \u00fcberzeugen durch ihre methodischen F\u00e4higkeiten, aber auch durch kommunikative Kompetenz und Empathie. Die von ihnen initiierten Gruppenprozesse waren f\u00fcr alle Teilnehmer sehr lehrreich.\u201c<br \/>\nDr. Gerd B, Regierungspr\u00e4sident, BRD<\/p>\n<p><a href=\"http:\/\/www.seeforyourself.at\/index.php\/referenzen-2\/\">Zur\u00fcck<\/a><\/p>\n","protected":false},"excerpt":{"rendered":"<p>\u2026Sie \u00fcberzeugen durch ihre methodischen F\u00e4higkeiten, aber auch durch kommunikative Kompetenz und Empathie. Die von ihnen initiierten Gruppenprozesse waren f\u00fcr alle Teilnehmer sehr lehrreich.\u201c Dr. Gerd B, Regierungspr\u00e4sident, BRD Zur\u00fcck<\/p>\n","protected":false},"author":2,"featured_media":0,"comment_status":"closed","ping_status":"closed","sticky":false,"template":"","format":"standard","meta":{"ngg_post_thumbnail":0},"categories":[9],"tags":[],"jetpack_featured_media_url":"","yoast_head":"<!-- This site is optimized with the Yoast SEO plugin v15.8 - https:\/\/yoast.com\/wordpress\/plugins\/seo\/ -->\n<title>...methodisch und kommunikativ - Georg Breiner<\/title>\n<meta name=\"robots\" content=\"index, follow, max-snippet:-1, max-image-preview:large, max-video-preview:-1\" \/>\n<link rel=\"canonical\" href=\"https:\/\/www.seeforyourself.at\/index.php\/2019\/04\/01\/methodisch-und-kommunikativ\/\" \/>\n<meta property=\"og:locale\" content=\"de_DE\" \/>\n<meta property=\"og:type\" content=\"article\" \/>\n<meta property=\"og:title\" content=\"...methodisch und kommunikativ - Georg Breiner\" \/>\n<meta property=\"og:description\" content=\"\u2026Sie \u00fcberzeugen durch ihre methodischen F\u00e4higkeiten, aber auch durch kommunikative Kompetenz und Empathie. Die von ihnen initiierten Gruppenprozesse waren f\u00fcr alle Teilnehmer sehr lehrreich.\u201c Dr. Gerd B, Regierungspr\u00e4sident, BRD Zur\u00fcck\" \/>\n<meta property=\"og:url\" content=\"https:\/\/www.seeforyourself.at\/index.php\/2019\/04\/01\/methodisch-und-kommunikativ\/\" \/>\n<meta property=\"og:site_name\" content=\"Georg Breiner\" \/>\n<meta property=\"article:published_time\" content=\"2019-04-01T05:00:29+00:00\" \/>\n<meta property=\"article:modified_time\" content=\"2020-11-05T14:54:56+00:00\" \/>\n<meta name=\"twitter:card\" content=\"summary_large_image\" \/>\n<script type=\"application\/ld+json\" class=\"yoast-schema-graph\">{\"@context\":\"https:\/\/schema.org\",\"@graph\":[{\"@type\":\"WebSite\",\"@id\":\"http:\/\/www.seeforyourself.at\/#website\",\"url\":\"http:\/\/www.seeforyourself.at\/\",\"name\":\"Seeforyourself\",\"description\":\"See For Yourself\",\"potentialAction\":[{\"@type\":\"SearchAction\",\"target\":\"http:\/\/www.seeforyourself.at\/?s={search_term_string}\",\"query-input\":\"required name=search_term_string\"}],\"inLanguage\":\"de-DE\"},{\"@type\":\"WebPage\",\"@id\":\"https:\/\/www.seeforyourself.at\/index.php\/2019\/04\/01\/methodisch-und-kommunikativ\/#webpage\",\"url\":\"https:\/\/www.seeforyourself.at\/index.php\/2019\/04\/01\/methodisch-und-kommunikativ\/\",\"name\":\"...methodisch und kommunikativ - Georg Breiner\",\"isPartOf\":{\"@id\":\"http:\/\/www.seeforyourself.at\/#website\"},\"datePublished\":\"2019-04-01T05:00:29+00:00\",\"dateModified\":\"2020-11-05T14:54:56+00:00\",\"author\":{\"@id\":\"http:\/\/www.seeforyourself.at\/#\/schema\/person\/1548d0e1f99ddffd7930f783f73c2d80\"},\"breadcrumb\":{\"@id\":\"https:\/\/www.seeforyourself.at\/index.php\/2019\/04\/01\/methodisch-und-kommunikativ\/#breadcrumb\"},\"inLanguage\":\"de-DE\",\"potentialAction\":[{\"@type\":\"ReadAction\",\"target\":[\"https:\/\/www.seeforyourself.at\/index.php\/2019\/04\/01\/methodisch-und-kommunikativ\/\"]}]},{\"@type\":\"BreadcrumbList\",\"@id\":\"https:\/\/www.seeforyourself.at\/index.php\/2019\/04\/01\/methodisch-und-kommunikativ\/#breadcrumb\",\"itemListElement\":[{\"@type\":\"ListItem\",\"position\":1,\"item\":{\"@type\":\"WebPage\",\"@id\":\"http:\/\/www.seeforyourself.at\/\",\"url\":\"http:\/\/www.seeforyourself.at\/\",\"name\":\"Home\"}},{\"@type\":\"ListItem\",\"position\":2,\"item\":{\"@type\":\"WebPage\",\"@id\":\"https:\/\/www.seeforyourself.at\/index.php\/2019\/04\/01\/methodisch-und-kommunikativ\/\",\"url\":\"https:\/\/www.seeforyourself.at\/index.php\/2019\/04\/01\/methodisch-und-kommunikativ\/\",\"name\":\"&#8230;methodisch und kommunikativ\"}}]},{\"@type\":\"Person\",\"@id\":\"http:\/\/www.seeforyourself.at\/#\/schema\/person\/1548d0e1f99ddffd7930f783f73c2d80\",\"name\":\"Georg Breiner\",\"image\":{\"@type\":\"ImageObject\",\"@id\":\"http:\/\/www.seeforyourself.at\/#personlogo\",\"inLanguage\":\"de-DE\",\"url\":\"https:\/\/secure.gravatar.com\/avatar\/51a5470ed0a9bfde574dbffb8b4c99c7?s=96&d=mm&r=g\",\"caption\":\"Georg Breiner\"},\"sameAs\":[\"http:\/\/seeforyourself.at\"]}]}<\/script>\n<!-- \/ Yoast SEO plugin. -->","_links":{"self":[{"href":"https:\/\/www.seeforyourself.at\/index.php\/wp-json\/wp\/v2\/posts\/317"}],"collection":[{"href":"https:\/\/www.seeforyourself.at\/index.php\/wp-json\/wp\/v2\/posts"}],"about":[{"href":"https:\/\/www.seeforyourself.at\/index.php\/wp-json\/wp\/v2\/types\/post"}],"author":[{"embeddable":true,"href":"https:\/\/www.seeforyourself.at\/index.php\/wp-json\/wp\/v2\/users\/2"}],"replies":[{"embeddable":true,"href":"https:\/\/www.seeforyourself.at\/index.php\/wp-json\/wp\/v2\/comments?post=317"}],"version-history":[{"count":2,"href":"https:\/\/www.seeforyourself.at\/index.php\/wp-json\/wp\/v2\/posts\/317\/revisions"}],"predecessor-version":[{"id":339,"href":"https:\/\/www.seeforyourself.at\/index.php\/wp-json\/wp\/v2\/posts\/317\/revisions\/339"}],"wp:attachment":[{"href":"https:\/\/www.seeforyourself.at\/index.php\/wp-json\/wp\/v2\/media?parent=317"}],"wp:term":[{"taxonomy":"category","embeddable":true,"href":"https:\/\/www.seeforyourself.at\/index.php\/wp-json\/wp\/v2\/categories?post=317"},{"taxonomy":"post_tag","embeddable":true,"href":"https:\/\/www.seeforyourself.at\/index.php\/wp-json\/wp\/v2\/tags?post=317"}],"curies":[{"name":"wp","href":"https:\/\/api.w.org\/{rel}","templated":true}]}}